{"id":1929,"date":"2026-03-27T09:04:14","date_gmt":"2026-03-27T09:04:14","guid":{"rendered":"https:\/\/www.cycloid.io\/?post_type=blogs&#038;p=1929"},"modified":"2026-04-23T07:01:41","modified_gmt":"2026-04-23T07:01:41","slug":"fr-cloud-carbon-footprint-quelles-mesures","status":"publish","type":"blogs","link":"https:\/\/www.cycloid.io\/fr\/blog\/fr-cloud-carbon-footprint-quelles-mesures\/","title":{"rendered":"Cloud Carbon Footprint : quelles mesures ?"},"content":{"rendered":"<p>La COP27, l\u2019it\u00e9ration la plus r\u00e9cente d\u2019une s\u00e9rie de conf\u00e9rences qui rassemblent la communaut\u00e9 internationale dans le but de s\u2019accorder sur l\u2019attitude \u00e0 adopter face au d\u00e9r\u00e8glement climatique, s\u2019est tenue en \u00c9gypte le mois dernier. De nombreux \u00e9cologistes ont remis en question la pertinence de ces conf\u00e9rences sans fin.\u00a0 Bien que la r\u00e9union des grands acteurs soit une \u00e9tape importante, ce mod\u00e8le de rassemblement a \u00e9t\u00e9 critiqu\u00e9 en tant qu\u2019approche qui privil\u00e9gie les grands discours aux actions concr\u00e8tes.<\/p>\n<p>Nous avons tous notre r\u00f4le \u00e0 jouer face au d\u00e9r\u00e8glement climatique ; les entreprises doivent faire le n\u00e9cessaire pour r\u00e9duire \u00e0 toutes les \u00e9chelles leurs \u00e9missions relatives au <em>cloud computing<\/em>. La num\u00e9risation et l\u2019am\u00e9lioration de l\u2019efficacit\u00e9 sont certes le signe d\u2019avantages environnementaux, mais les d\u00e9partements informatiques eux-m\u00eames n\u2019ont pas toujours conscience de leur propre empreinte carbone. Or, cela ne peut pas durer si nous voulons \u00e9tablir des bases sur lesquelles \u00e9difier un avenir plus vert.<\/p>\n<p>Gr\u00e2ce au <span style=\"font-weight: bold;\">GreenOps<\/span>, les organisations peuvent am\u00e9liorer leur visibilit\u00e9 sur les r\u00e9percussions environnementales des op\u00e9rations informatiques, permettant ainsi \u00e0 la d\u00e9carbonisation de se trouver au c\u0153ur des prises de d\u00e9cisions.<\/p>\n<p>Le GreenOps est avant tout un cadre qui aide les organisations \u00e0 comprendre les r\u00e9percussions environnementales de leurs strat\u00e9gies informatiques. Consid\u00e9rez-le comme une forme de FinOps, un syst\u00e8me de gestion des d\u00e9penses d\u2019exploitation, mais dont la mission est de pr\u00e9server la sant\u00e9 de notre plan\u00e8te. Il permet aussi aux soci\u00e9t\u00e9s d\u2019encourager la <span style=\"font-weight: bold;\">responsabilit\u00e9<\/span> \u00e9cologique \u00e0 toutes les \u00e9chelles gr\u00e2ce \u00e0 des prises de d\u00e9cisions conscientes motiv\u00e9es par des donn\u00e9es concr\u00e8tes.<\/p>\n<p>Vous pouvez en apprendre plus sur le GreenOps <a href=\"\/why-the-world-needs-greenops?hsLang=en\" rel=\"noopener\">ici<\/a>, mais il faut surtout retenir qu\u2019il sert \u00e0 r\u00e9duire l\u2019empreinte carbone des entreprises gr\u00e2ce \u00e0 l\u2019appui de donn\u00e9es r\u00e9elles.<\/p>\n<p>On pose souvent cette question aux partisans du GreenOps : peut-on vraiment s\u2019attendre \u00e0 ce que les entreprises d\u00e9pensent plus pour prot\u00e9ger l\u2019environnement ? Le climat \u00e9conomique actuel nous montre qu\u2019une <span style=\"font-weight: bold;\">sobri\u00e9t\u00e9<\/span> des d\u00e9penses dans tous les secteurs est de mise, donc privil\u00e9gier les approches \u00e9coresponsables plut\u00f4t que les offres bon march\u00e9 repr\u00e9sente un v\u00e9ritable d\u00e9fi. Cependant, si la COP27 nous a enseign\u00e9 quelque chose, c\u2019est bien qu\u2019il faut agir maintenant.<\/p>\n<p>Personne ne peut garantir que les choix \u00e9coresponsables seront les plus faciles \u00e0 effectuer, comme en t\u00e9moigne la COP27. De nombreuses options favorables \u00e0 l\u2019environnement sont plus ch\u00e8res et plus chronophages que celles qui g\u00e9n\u00e8rent d\u2019\u00e9missions plus importantes. N\u00e9anmoins les entreprises ne devraient pas p\u00e9rorer sur l\u2019action climatique si elles ne comptent pas prendre de vraies mesures. Le GreenOps est un point d\u2019appui exceptionnel pour l\u2019adoption de pratiques plus vertes ; l\u2019impl\u00e9mentation de cet outil est une priorit\u00e9 pour les soci\u00e9t\u00e9s qui veulent accompagner leur discours sur l\u2019environnement par des actions qui y correspondent.<\/p>\n<p><!--more--><\/p>\n<p style=\"text-align: center; font-size: 16px;\"><span style=\"color: #425b76;\"><em>Vous souhaitez passer \u00e0 l\u2019acte pour limiter votre empreinte carbone cloud ? La mission de Cycloid est d\u2019accorder aux entreprises une visibilit\u00e9 compl\u00e8te sur leur empreinte carbone cloud. Pour agir, il faut d\u2019abord savoir. Abonnez-vous pour rester inform\u00e9 et lutter contre le d\u00e9r\u00e8glement climatique d\u00e8s maintenant.<\/em><\/span><\/p>\n<p style=\"text-align: center;\">{{cta(&lsquo;168669857825&rsquo;)}}<\/p>\n","protected":false},"featured_media":5945,"parent":0,"template":"","meta":{"_acf_changed":false},"language":[],"tags":[],"class_list":["post-1929","blogs","type-blogs","status-publish","has-post-thumbnail","hentry"],"acf":[],"yoast_head":"<!-- This site is optimized with the Yoast SEO plugin v27.4 - https:\/\/yoast.com\/product\/yoast-seo-wordpress\/ -->\n<title>Cloud Carbon Footprint : quelles mesures ?<\/title>\n<meta name=\"description\" content=\"La COP27, l\u2019it\u00e9ration la plus r\u00e9cente d\u2019une s\u00e9rie de conf\u00e9rences qui rassemblent la communaut\u00e9 internationale dans le but de s\u2019accorder sur l\u2019...\" \/>\n<meta name=\"robots\" content=\"index, follow, max-snippet:-1, max-image-preview:large, max-video-preview:-1\" \/>\n<link rel=\"canonical\" href=\"https:\/\/www.cycloid.io\/fr\/blog\/fr-cloud-carbon-footprint-quelles-mesures\/\" \/>\n<meta property=\"og:locale\" content=\"fr_FR\" \/>\n<meta property=\"og:type\" content=\"article\" \/>\n<meta property=\"og:title\" content=\"Cloud Carbon Footprint : quelles mesures ?\" \/>\n<meta property=\"og:description\" content=\"La COP27, l\u2019it\u00e9ration la plus r\u00e9cente d\u2019une s\u00e9rie de conf\u00e9rences qui rassemblent la communaut\u00e9 internationale dans le but de s\u2019accorder sur l\u2019...\" \/>\n<meta property=\"og:url\" content=\"https:\/\/www.cycloid.io\/fr\/blog\/fr-cloud-carbon-footprint-quelles-mesures\/\" \/>\n<meta property=\"article:modified_time\" content=\"2026-04-23T07:01:41+00:00\" \/>\n<meta property=\"og:image\" content=\"https:\/\/www.cycloid.io\/wp-content\/uploads\/2022\/12\/blog-post_stock-photo-v1-1.webp\" \/>\n\t<meta property=\"og:image:width\" content=\"1920\" \/>\n\t<meta property=\"og:image:height\" content=\"1207\" \/>\n\t<meta property=\"og:image:type\" content=\"image\/webp\" \/>\n<meta name=\"twitter:card\" content=\"summary_large_image\" \/>\n<meta name=\"twitter:label1\" content=\"Dur\u00e9e de lecture estim\u00e9e\" \/>\n\t<meta name=\"twitter:data1\" content=\"3 minutes\" \/>\n<script type=\"application\/ld+json\" class=\"yoast-schema-graph\">{\"@context\":\"https:\\\/\\\/schema.org\",\"@graph\":[{\"@type\":\"WebPage\",\"@id\":\"https:\\\/\\\/www.cycloid.io\\\/fr\\\/blog\\\/fr-cloud-carbon-footprint-quelles-mesures\\\/\",\"url\":\"https:\\\/\\\/www.cycloid.io\\\/fr\\\/blog\\\/fr-cloud-carbon-footprint-quelles-mesures\\\/\",\"name\":\"Cloud Carbon Footprint : quelles mesures ?\",\"isPartOf\":{\"@id\":\"https:\\\/\\\/www.cycloid.io\\\/fr\\\/#website\"},\"primaryImageOfPage\":{\"@id\":\"https:\\\/\\\/www.cycloid.io\\\/fr\\\/blog\\\/fr-cloud-carbon-footprint-quelles-mesures\\\/#primaryimage\"},\"image\":{\"@id\":\"https:\\\/\\\/www.cycloid.io\\\/fr\\\/blog\\\/fr-cloud-carbon-footprint-quelles-mesures\\\/#primaryimage\"},\"thumbnailUrl\":\"https:\\\/\\\/www.cycloid.io\\\/wp-content\\\/uploads\\\/2022\\\/12\\\/blog-post_stock-photo-v1-1.webp\",\"datePublished\":\"2026-03-27T09:04:14+00:00\",\"dateModified\":\"2026-04-23T07:01:41+00:00\",\"description\":\"La COP27, l\u2019it\u00e9ration la plus r\u00e9cente d\u2019une s\u00e9rie de conf\u00e9rences qui rassemblent la communaut\u00e9 internationale dans le but de s\u2019accorder sur l\u2019...\",\"breadcrumb\":{\"@id\":\"https:\\\/\\\/www.cycloid.io\\\/fr\\\/blog\\\/fr-cloud-carbon-footprint-quelles-mesures\\\/#breadcrumb\"},\"inLanguage\":\"fr-FR\",\"potentialAction\":[{\"@type\":\"ReadAction\",\"target\":[\"https:\\\/\\\/www.cycloid.io\\\/fr\\\/blog\\\/fr-cloud-carbon-footprint-quelles-mesures\\\/\"]}]},{\"@type\":\"ImageObject\",\"inLanguage\":\"fr-FR\",\"@id\":\"https:\\\/\\\/www.cycloid.io\\\/fr\\\/blog\\\/fr-cloud-carbon-footprint-quelles-mesures\\\/#primaryimage\",\"url\":\"https:\\\/\\\/www.cycloid.io\\\/wp-content\\\/uploads\\\/2022\\\/12\\\/blog-post_stock-photo-v1-1.webp\",\"contentUrl\":\"https:\\\/\\\/www.cycloid.io\\\/wp-content\\\/uploads\\\/2022\\\/12\\\/blog-post_stock-photo-v1-1.webp\",\"width\":1920,\"height\":1207},{\"@type\":\"BreadcrumbList\",\"@id\":\"https:\\\/\\\/www.cycloid.io\\\/fr\\\/blog\\\/fr-cloud-carbon-footprint-quelles-mesures\\\/#breadcrumb\",\"itemListElement\":[{\"@type\":\"ListItem\",\"position\":1,\"name\":\"Home\",\"item\":\"https:\\\/\\\/www.cycloid.io\\\/fr\\\/\"},{\"@type\":\"ListItem\",\"position\":2,\"name\":\"Blogs\",\"item\":\"https:\\\/\\\/www.cycloid.io\\\/fr\\\/blogs\\\/\"},{\"@type\":\"ListItem\",\"position\":3,\"name\":\"Cloud Carbon Footprint : quelles mesures ?\"}]},{\"@type\":\"WebSite\",\"@id\":\"https:\\\/\\\/www.cycloid.io\\\/fr\\\/#website\",\"url\":\"https:\\\/\\\/www.cycloid.io\\\/fr\\\/\",\"name\":\"\",\"description\":\"\",\"potentialAction\":[{\"@type\":\"SearchAction\",\"target\":{\"@type\":\"EntryPoint\",\"urlTemplate\":\"https:\\\/\\\/www.cycloid.io\\\/fr\\\/?s={search_term_string}\"},\"query-input\":{\"@type\":\"PropertyValueSpecification\",\"valueRequired\":true,\"valueName\":\"search_term_string\"}}],\"inLanguage\":\"fr-FR\"}]}<\/script>\n<!-- \/ Yoast SEO plugin. -->","yoast_head_json":{"title":"Cloud Carbon Footprint : quelles mesures ?","description":"La COP27, l\u2019it\u00e9ration la plus r\u00e9cente d\u2019une s\u00e9rie de conf\u00e9rences qui rassemblent la communaut\u00e9 internationale dans le but de s\u2019accorder sur l\u2019...","robots":{"index":"index","follow":"follow","max-snippet":"max-snippet:-1","max-image-preview":"max-image-preview:large","max-video-preview":"max-video-preview:-1"},"canonical":"https:\/\/www.cycloid.io\/fr\/blog\/fr-cloud-carbon-footprint-quelles-mesures\/","og_locale":"fr_FR","og_type":"article","og_title":"Cloud Carbon Footprint : quelles mesures ?","og_description":"La COP27, l\u2019it\u00e9ration la plus r\u00e9cente d\u2019une s\u00e9rie de conf\u00e9rences qui rassemblent la communaut\u00e9 internationale dans le but de s\u2019accorder sur l\u2019...","og_url":"https:\/\/www.cycloid.io\/fr\/blog\/fr-cloud-carbon-footprint-quelles-mesures\/","article_modified_time":"2026-04-23T07:01:41+00:00","og_image":[{"width":1920,"height":1207,"url":"https:\/\/www.cycloid.io\/wp-content\/uploads\/2022\/12\/blog-post_stock-photo-v1-1.webp","type":"image\/webp"}],"twitter_card":"summary_large_image","twitter_misc":{"Dur\u00e9e de lecture estim\u00e9e":"3 minutes"},"schema":{"@context":"https:\/\/schema.org","@graph":[{"@type":"WebPage","@id":"https:\/\/www.cycloid.io\/fr\/blog\/fr-cloud-carbon-footprint-quelles-mesures\/","url":"https:\/\/www.cycloid.io\/fr\/blog\/fr-cloud-carbon-footprint-quelles-mesures\/","name":"Cloud Carbon Footprint : quelles mesures ?","isPartOf":{"@id":"https:\/\/www.cycloid.io\/fr\/#website"},"primaryImageOfPage":{"@id":"https:\/\/www.cycloid.io\/fr\/blog\/fr-cloud-carbon-footprint-quelles-mesures\/#primaryimage"},"image":{"@id":"https:\/\/www.cycloid.io\/fr\/blog\/fr-cloud-carbon-footprint-quelles-mesures\/#primaryimage"},"thumbnailUrl":"https:\/\/www.cycloid.io\/wp-content\/uploads\/2022\/12\/blog-post_stock-photo-v1-1.webp","datePublished":"2026-03-27T09:04:14+00:00","dateModified":"2026-04-23T07:01:41+00:00","description":"La COP27, l\u2019it\u00e9ration la plus r\u00e9cente d\u2019une s\u00e9rie de conf\u00e9rences qui rassemblent la communaut\u00e9 internationale dans le but de s\u2019accorder sur l\u2019...","breadcrumb":{"@id":"https:\/\/www.cycloid.io\/fr\/blog\/fr-cloud-carbon-footprint-quelles-mesures\/#breadcrumb"},"inLanguage":"fr-FR","potentialAction":[{"@type":"ReadAction","target":["https:\/\/www.cycloid.io\/fr\/blog\/fr-cloud-carbon-footprint-quelles-mesures\/"]}]},{"@type":"ImageObject","inLanguage":"fr-FR","@id":"https:\/\/www.cycloid.io\/fr\/blog\/fr-cloud-carbon-footprint-quelles-mesures\/#primaryimage","url":"https:\/\/www.cycloid.io\/wp-content\/uploads\/2022\/12\/blog-post_stock-photo-v1-1.webp","contentUrl":"https:\/\/www.cycloid.io\/wp-content\/uploads\/2022\/12\/blog-post_stock-photo-v1-1.webp","width":1920,"height":1207},{"@type":"BreadcrumbList","@id":"https:\/\/www.cycloid.io\/fr\/blog\/fr-cloud-carbon-footprint-quelles-mesures\/#breadcrumb","itemListElement":[{"@type":"ListItem","position":1,"name":"Home","item":"https:\/\/www.cycloid.io\/fr\/"},{"@type":"ListItem","position":2,"name":"Blogs","item":"https:\/\/www.cycloid.io\/fr\/blogs\/"},{"@type":"ListItem","position":3,"name":"Cloud Carbon Footprint : quelles mesures ?"}]},{"@type":"WebSite","@id":"https:\/\/www.cycloid.io\/fr\/#website","url":"https:\/\/www.cycloid.io\/fr\/","name":"","description":"","potentialAction":[{"@type":"SearchAction","target":{"@type":"EntryPoint","urlTemplate":"https:\/\/www.cycloid.io\/fr\/?s={search_term_string}"},"query-input":{"@type":"PropertyValueSpecification","valueRequired":true,"valueName":"search_term_string"}}],"inLanguage":"fr-FR"}]}},"_links":{"self":[{"href":"https:\/\/www.cycloid.io\/fr\/wp-json\/wp\/v2\/blogs\/1929","targetHints":{"allow":["GET"]}}],"collection":[{"href":"https:\/\/www.cycloid.io\/fr\/wp-json\/wp\/v2\/blogs"}],"about":[{"href":"https:\/\/www.cycloid.io\/fr\/wp-json\/wp\/v2\/types\/blogs"}],"wp:featuredmedia":[{"embeddable":true,"href":"https:\/\/www.cycloid.io\/fr\/wp-json\/wp\/v2\/media\/5945"}],"wp:attachment":[{"href":"https:\/\/www.cycloid.io\/fr\/wp-json\/wp\/v2\/media?parent=1929"}],"wp:term":[{"taxonomy":"language","embeddable":true,"href":"https:\/\/www.cycloid.io\/fr\/wp-json\/wp\/v2\/language?post=1929"},{"taxonomy":"tags","embeddable":true,"href":"https:\/\/www.cycloid.io\/fr\/wp-json\/wp\/v2\/tags?post=1929"}],"curies":[{"name":"wp","href":"https:\/\/api.w.org\/{rel}","templated":true}]}}